{"id":631,"date":"2015-02-17T13:31:13","date_gmt":"2015-02-17T12:31:13","guid":{"rendered":"https:\/\/www.gasabile.org\/?p=631"},"modified":"2015-03-09T15:34:53","modified_gmt":"2015-03-09T14:34:53","slug":"il-pastificio-cooperativo-di-gallarate","status":"publish","type":"post","link":"https:\/\/www.gasabile.org\/?p=631","title":{"rendered":"Il Pastificio Cooperativo di Gallarate"},"content":{"rendered":"<p>Da alcuni mesi si \u00e8 aggiunta una new entry nella rosa dei produttori di Gasabile, una piccola cooperativa che produce pasta fresca biologica e solidale. Abbiamo intervistato Salvatore Palmieri, chef del pastificio, per saperne di pi\u00f9 rispetto a questa nuova realt\u00e0 locale.<\/p>\n<p><em><a href=\"https:\/\/www.gasabile.org\/wp-content\/uploads\/2015\/02\/pastificio.jpg\"><img loading=\"lazy\" decoding=\"async\" class=\"alignleft wp-image-657 size-medium\" src=\"https:\/\/www.gasabile.org\/wp-content\/uploads\/2015\/02\/pastificio-300x225.jpg\" alt=\"Il dietro le quinte\" width=\"300\" height=\"225\" srcset=\"https:\/\/www.gasabile.org\/wp-content\/uploads\/2015\/02\/pastificio-300x225.jpg 300w, https:\/\/www.gasabile.org\/wp-content\/uploads\/2015\/02\/pastificio-400x300.jpg 400w, https:\/\/www.gasabile.org\/wp-content\/uploads\/2015\/02\/pastificio.jpg 640w\" sizes=\"(max-width: 300px) 100vw, 300px\" \/><\/a>Perch\u00e9 e come nasce il pastificio cooperativo?<\/em><br \/>\nL\u2019idea del pastificio nasce dall\u2019intuizione di Cristina Ronzoni ex presidente del Consorzio Cooperative Sociali della Provincia Di Varese, oltre che da due nostre passioni comuni: la pasta e il lavoro. Nasce inoltre dalla necessit\u00e0 per una cooperativa, quella de \u201cIl Loto\u201d, che da sempre si \u00e8 occupata di altro come giardinaggio e falegnameria, di provare a formare altre competenze e avviare un nuovo settore lavorativo.<br \/>\nPer quel che mi riguarda , sono chef di cucina da quasi 30 anni e oggi mi invento pastaio e cooperatore. Come abbiamo scritto sul nostro sito: \u201cSocialit\u00e0, sogni e bisogni, lavoro, mutualit\u00e0. Fare impresa sociale \u00e8 una opportunit\u00e0 per il territorio. Siamo cooperativi, siamo una risorsa e una opportunit\u00e0 di lavoro per chi ha bisogno di aiuto, un presidio di buone pratiche per la collettivit\u00e0. Forti della storia del movimento cooperativo in Italia, stiamo guardando al futuro, imparando le tradizioni artigiane come quella di fare la pasta\u201d<\/p>\n<p><em>Quanti dipendenti ci sono all&#8217;attivo? Chi sono?<\/em><br \/>\nA oggi nel laboratorio lavoriamo in quattro: io e il mio braccio destro gasista Francesca a tempo pieno, Saima, una mamma con un contratto di inserimento part time lavorativo che lavora nel pomeriggio, Naila , una ragazza in tirocinio che a breve verr\u00e0 assunta con contratto di inserimento par time, che lavora di mattina. Inoltre possiamo usufruire delle competenze gestionali e di progettazione oltre che l\u2019 aiuto nei mercati un paio di volte a settimana da parte di Cristina Ronzoni, per le relazioni con i servizi del territorio per gli inserimenti lavorativi\u00a0 e per la\u00a0 disponibilit\u00e0 amministrativa da parte di due soci della cooperativa, Davide e Silvana. Da ricordare il supporto da parte di tutti i soci della cooperativa a volte per le consegne e per dei lavori di ristrutturazione.<\/p>\n<p><em>Qual \u00e8 secondo voi il valore aggiunto della vostra attivit\u00e0?<a href=\"https:\/\/www.gasabile.org\/wp-content\/uploads\/2015\/02\/pastificio2.jpg\"><img loading=\"lazy\" decoding=\"async\" class=\"alignright wp-image-658 size-medium\" src=\"https:\/\/www.gasabile.org\/wp-content\/uploads\/2015\/02\/pastificio2-300x225.jpg\" alt=\"I tortelli\" width=\"300\" height=\"225\" srcset=\"https:\/\/www.gasabile.org\/wp-content\/uploads\/2015\/02\/pastificio2-300x225.jpg 300w, https:\/\/www.gasabile.org\/wp-content\/uploads\/2015\/02\/pastificio2-400x300.jpg 400w, https:\/\/www.gasabile.org\/wp-content\/uploads\/2015\/02\/pastificio2.jpg 960w\" sizes=\"(max-width: 300px) 100vw, 300px\" \/><\/a><\/em><br \/>\nIl lavoro: questo \u00e8 un bel valore aggiunto e poterlo fare bene coinvolgendo persone svantaggiate, creando posti di lavoro tutelati da adeguati contratti e attraverso cui ognuno possa valorizzare le proprie capacit\u00e0 e le proprie competenze. Questa \u00e8 un po\u2019 la storia della nostra Cooperativa Sociale \u201cIl Loto\u201d. Poter offrire un prodotto che sia buono non solo dal punto di vista sociale, ma che valorizzi la stagionalit\u00e0 degli ingredienti, il gusto e la freschezza, con materie prime di produttori biologici che conosciamo e con cui abbiamo istaurato un rapporto di fiducia reciproca. Mi rifaccio nuovamente al sito del Pastificio: \u201cBuono \u00e8 ci\u00f2 che \u00e8 fatto di cose buone. Conosciamo i nostri produttori, rispettiamo il loro lavoro, i loro prodotti arrivano freschi nel nostro laboratorio. Non solo km zero e filiera corta ma anche filiera &#8220;colta&#8221; e giusta e molto lontana dalla cultura di quei mulini pi\u00f9 o meno bianchi\u201d. Oltre che con i produttori, si intreccia un bel rapporto anche con i nostri clienti e i Gruppi di Acquisto Solidale.<\/p>\n<p><em>Cosa state preparando di buono in questi giorni, in questa stagione?<\/em><br \/>\nIn questi due mesi, febbraio e marzo, usciamo con due nuovi prodotti: le pappardelle limone e pepe nero e il tortello ripieno di patate. Ogni due mesi rinnoviamo il listino seguendo anche le stagioni. Ad esempio ad aprile e maggio, se riusciamo, vorremmo uscire con una pasta 100% farro adatta a chi ha delle fastidiose intolleranze al glutine.<\/p>\n<p><em>Qual \u00e8, invece, ad oggi, la vostra migliore creazione?<\/em><br \/>\n\u00c8 un po\u2019 difficile per me decidere, ad ogni modo sicuramente l\u2019ultima: le pappardelle limone e pepe nero.\u00a0L\u2019ho pensata per poterla abbinare a dei sughi delicati a base di pesce, ma \u00e8 buonissima anche con della ricotta fresca, delle erbe aromatiche e un non niente di olio extravergine di quello buono\u2026 a breve qualche ricetta sul sito!!<\/p>\n<p><em>Oltre alla produzione, avete promosso anche l&#8217;iniziativa &#8220;Tutti con le mani in pasta&#8221;. Raccontateci un po&#8217; di questa esperienza&#8230;<\/em><br \/>\nNei 2 anni che sono serviti alla progettazione del Pastificio, oltre che girare l\u2019Italia per imparare, abbiamo provato anche attraverso dei laboratori di pasta fresca a capire quale poteva essere la voglia di pasta dalle nostre parti.<br \/>\nSiamo rimasti piacevolmente colpiti dalla manualit\u00e0 e conoscenza che hanno molte donne, mamme e nonne e super conquistati dalla vivacit\u00e0 dei bimbi<br \/>\nNon abbiamo una tradizione di pasta fresca in provincia di Varese, come ad esempio nel vicino Piemonte oppure nel Mantovano dove la domenica si usa fare la pasta in casa o acquistarla fresca nelle botteghe. Qui da noi si usa principalmente comprarla al supermercato, ma questi laboratori ci hanno fatto scoprire invece che molte persone, oltre che al pane, si appassionano anche a questo prodotto.<\/p>\n<p>Per saperne di pi\u00f9\u00a0<a href=\"www.pastificiocooperativogallarate.it\">www.pastificiocooperativogallarate.it<\/a><\/p>\n<p>&nbsp;<\/p>\n","protected":false},"excerpt":{"rendered":"<p>Da alcuni mesi si \u00e8 aggiunta una new entry nella rosa dei produttori di Gasabile, una piccola cooperativa che produce pasta fresca biologica e solidale. Abbiamo intervistato Salvatore Palmieri, chef del pastificio, per saperne di pi\u00f9 rispetto a questa nuova &hellip; <a class=\"more-link\" href=\"https:\/\/www.gasabile.org\/?p=631\">Continua a leggere<span class=\"meta-nav\">&rarr;<\/span><\/a><\/p>\n","protected":false},"author":1,"featured_media":0,"comment_status":"open","ping_status":"open","sticky":false,"template":"","format":"standard","meta":{"footnotes":""},"categories":[9],"tags":[],"class_list":["post-631","post","type-post","status-publish","format-standard","hentry","category-produttori"],"_links":{"self":[{"href":"https:\/\/www.gasabile.org\/index.php?rest_route=\/wp\/v2\/posts\/631"}],"collection":[{"href":"https:\/\/www.gasabile.org\/index.php?rest_route=\/wp\/v2\/posts"}],"about":[{"href":"https:\/\/www.gasabile.org\/index.php?rest_route=\/wp\/v2\/types\/post"}],"author":[{"embeddable":true,"href":"https:\/\/www.gasabile.org\/index.php?rest_route=\/wp\/v2\/users\/1"}],"replies":[{"embeddable":true,"href":"https:\/\/www.gasabile.org\/index.php?rest_route=%2Fwp%2Fv2%2Fcomments&post=631"}],"version-history":[{"count":5,"href":"https:\/\/www.gasabile.org\/index.php?rest_route=\/wp\/v2\/posts\/631\/revisions"}],"predecessor-version":[{"id":659,"href":"https:\/\/www.gasabile.org\/index.php?rest_route=\/wp\/v2\/posts\/631\/revisions\/659"}],"wp:attachment":[{"href":"https:\/\/www.gasabile.org\/index.php?rest_route=%2Fwp%2Fv2%2Fmedia&parent=631"}],"wp:term":[{"taxonomy":"category","embeddable":true,"href":"https:\/\/www.gasabile.org\/index.php?rest_route=%2Fwp%2Fv2%2Fcategories&post=631"},{"taxonomy":"post_tag","embeddable":true,"href":"https:\/\/www.gasabile.org\/index.php?rest_route=%2Fwp%2Fv2%2Ftags&post=631"}],"curies":[{"name":"wp","href":"https:\/\/api.w.org\/{rel}","templated":true}]}}