{"id":643,"date":"2015-03-05T10:53:11","date_gmt":"2015-03-05T09:53:11","guid":{"rendered":"https:\/\/www.gasabile.org\/?p=643"},"modified":"2015-03-05T10:53:11","modified_gmt":"2015-03-05T09:53:11","slug":"lorto-del-porcello","status":"publish","type":"post","link":"https:\/\/www.gasabile.org\/?p=643","title":{"rendered":"L\u2019Orto del Porcello"},"content":{"rendered":"<div id=\"attachment_646\" style=\"width: 310px\" class=\"wp-caption alignright\"><a href=\"https:\/\/www.gasabile.org\/wp-content\/uploads\/2015\/03\/orto_porcello_01-e1425547860234.gif\"><img loading=\"lazy\" decoding=\"async\" aria-describedby=\"caption-attachment-646\" class=\"size-medium wp-image-646\" src=\"https:\/\/www.gasabile.org\/wp-content\/uploads\/2015\/03\/orto_porcello_01-300x260.gif\" alt=\"Il padrone di casa\" width=\"300\" height=\"260\" \/><\/a><p id=\"caption-attachment-646\" class=\"wp-caption-text\">Il padrone di casa<\/p><\/div>\n<p style=\"text-align: left;\">Non tutti sanno che Gasabile dispone di un orto condiviso: l\u2019orto del Porcello, cos\u00ec detto\u00a0perch\u00e9 il padrone di casa \u00e8 proprio lui, un maestoso maiale di oltre due quintali \u2013 che in tutta sincerit\u00e0 sarebbe una scrofa, per\u00f2 forse suonava male chiamarlo al femminile. All\u2019orto risiede anche una capra, che il giorno della mia visita offriva il suo contributo sfogliando canne di bamb\u00f9, sempre\u00a0utili nelle attivit\u00e0 di giardinaggio.<\/p>\n<p>L\u2019orto \u00e8 a disposizione di tutti i soci di Gasabile, ma attualmente se ne occupano solo alcuni, tra i quali Mirco, giardiniere e agricoltore biodinamico, che sono andata a trovare per farci raccontare la vita dell\u2019orto.<\/p>\n<p><em>Com\u2019\u00e8 nata l\u2019idea di avere un orto condiviso?<\/em><br \/>\n\u00c8 nata da un\u2019opportunit\u00e0: il proprietario dell\u2019orto, amico di un socio di Gasabile, piuttosto di lasciar impoverire il terreno &#8211; dal momento che non \u00e8 suo interesse coltivarlo direttamente &#8211; ha preferito darlo in uso a noi. L\u2019autoproduzione \u00e8 uno dei temi portanti su cui si fonda un Gruppo d\u2019Acquisto Solidale, per cui a diversi di noi interessa mettere le mani nella terra, e curarla in tutto il processo che porter\u00e0 ai nuovi frutti, peccato che attualmente siamo proprio in pochi a occuparcene, ci sono sempre tante cose da fare e servirebbe qualche risorsa in pi\u00f9.<br \/>\n\u00c8 uno spazio molto bello, che utilizziamo anche in alcuni momenti conviviali, ad esempio la festa di Gasabile in estate.<\/p>\n<p><em><a href=\"https:\/\/www.gasabile.org\/wp-content\/uploads\/2015\/03\/orto_porcello_02-e1425547976573.gif\"><img loading=\"lazy\" decoding=\"async\" class=\"alignleft size-medium wp-image-647\" src=\"https:\/\/www.gasabile.org\/wp-content\/uploads\/2015\/03\/orto_porcello_02-300x204.gif\" alt=\"orto_porcello_02\" width=\"300\" height=\"204\" \/><\/a>Chi se ne occupa e come siete organizzati?<\/em><br \/>\nPer ora siamo in cinque. A inizio anno facciamo una riunione di programmazione di quello che vogliamo seminare. Acquistiamo semi e piantine da un agricoltore biologico di nostra conoscenza e poi ci occupiamo delle varie fasi di lavorazione dedicando all\u2019orto il tempo che abbiamo a disposizione, in modo molto informale. Tra di noi c\u2019\u00e8 chi si diverte a sperimentare cose nuove; ad esempio lo scorso anno un gasista ha provato a coltivare dello zafferano, e non \u00e8 neanche andata male come prima esperienza.<\/p>\n<p>Quanto alla spartizione dei frutti del nostro lavoro, vige la regola del buon senso: peccato che per la buona educazione di tutti e per non togliere agli altri, spesso capita che la verdura rimanga sulle piante.<\/p>\n<p><em>E ora che fase vive il nostro orto?<\/em><br \/>\nAdesso \u00e8 a riposo. Ma sono nate le piantine che semineremo a marzo, come ad esempio cipolle e insalate di varie qualit\u00e0, porri, bieta, e a breve inizieremo i lavori d\u2019avvio alla produzione 2015: invito quindi altri gasisti, magari tra i nuovi soci, a unirsi a noi; anche se non sono orticoltori esperti, possiamo metterci d\u2019accordo per lavorare insieme, cos\u00ec da condividere questo interesse, che d\u00e0 grandi soddisfazioni, oltre a offrire una ulteriore occasione di socialit\u00e0.<\/p>\n<p>L\u2019Orto del Porcello si trova a San Vittore Olona, in via G. Deledda 1.<\/p>\n<p>&nbsp;<\/p>\n","protected":false},"excerpt":{"rendered":"<p>Non tutti sanno che Gasabile dispone di un orto condiviso: l\u2019orto del Porcello, cos\u00ec detto\u00a0perch\u00e9 il padrone di casa \u00e8 proprio lui, un maestoso maiale di oltre due quintali \u2013 che in tutta sincerit\u00e0 sarebbe una scrofa, per\u00f2 forse suonava &hellip; <a class=\"more-link\" href=\"https:\/\/www.gasabile.org\/?p=643\">Continua a leggere<span class=\"meta-nav\">&rarr;<\/span><\/a><\/p>\n","protected":false},"author":4,"featured_media":0,"comment_status":"open","ping_status":"open","sticky":false,"template":"","format":"standard","meta":{"footnotes":""},"categories":[11,10],"tags":[12,14,13],"class_list":["post-643","post","type-post","status-publish","format-standard","hentry","category-autoproduzione","category-orto","tag-orto-condiviso","tag-orto-urbano","tag-resilienza"],"_links":{"self":[{"href":"https:\/\/www.gasabile.org\/index.php?rest_route=\/wp\/v2\/posts\/643"}],"collection":[{"href":"https:\/\/www.gasabile.org\/index.php?rest_route=\/wp\/v2\/posts"}],"about":[{"href":"https:\/\/www.gasabile.org\/index.php?rest_route=\/wp\/v2\/types\/post"}],"author":[{"embeddable":true,"href":"https:\/\/www.gasabile.org\/index.php?rest_route=\/wp\/v2\/users\/4"}],"replies":[{"embeddable":true,"href":"https:\/\/www.gasabile.org\/index.php?rest_route=%2Fwp%2Fv2%2Fcomments&post=643"}],"version-history":[{"count":5,"href":"https:\/\/www.gasabile.org\/index.php?rest_route=\/wp\/v2\/posts\/643\/revisions"}],"predecessor-version":[{"id":652,"href":"https:\/\/www.gasabile.org\/index.php?rest_route=\/wp\/v2\/posts\/643\/revisions\/652"}],"wp:attachment":[{"href":"https:\/\/www.gasabile.org\/index.php?rest_route=%2Fwp%2Fv2%2Fmedia&parent=643"}],"wp:term":[{"taxonomy":"category","embeddable":true,"href":"https:\/\/www.gasabile.org\/index.php?rest_route=%2Fwp%2Fv2%2Fcategories&post=643"},{"taxonomy":"post_tag","embeddable":true,"href":"https:\/\/www.gasabile.org\/index.php?rest_route=%2Fwp%2Fv2%2Ftags&post=643"}],"curies":[{"name":"wp","href":"https:\/\/api.w.org\/{rel}","templated":true}]}}