{"id":716,"date":"2015-04-10T15:30:21","date_gmt":"2015-04-10T13:30:21","guid":{"rendered":"https:\/\/www.gasabile.org\/?p=716"},"modified":"2015-04-10T15:33:15","modified_gmt":"2015-04-10T13:33:15","slug":"radici-nel-fiume-un-po-per-gioco-e-un-po-per-passione","status":"publish","type":"post","link":"https:\/\/www.gasabile.org\/?p=716","title":{"rendered":"Radici nel Fiume: un po\u2019 per gioco e un po\u2019 per passione"},"content":{"rendered":"<p>Ecco il resoconto della visita fatta da Tiziana e Silvia alla cooperativa Radici nel Fiume di Somma Lombardo, per conoscere da vicino le attivit\u00e0 di questa realt\u00e0 sociale con la guida di Paolo Rusconi, uno dei soci storici di Gasabile impegnato in questo progetto.<\/p>\n<blockquote><p><em><img loading=\"lazy\" decoding=\"async\" class=\"alignleft wp-image-717 size-medium\" src=\"https:\/\/www.gasabile.org\/wp-content\/uploads\/2015\/04\/coopAlto-300x133.jpg\" alt=\"coopAlto\" width=\"300\" height=\"133\" srcset=\"https:\/\/www.gasabile.org\/wp-content\/uploads\/2015\/04\/coopAlto-300x133.jpg 300w, https:\/\/www.gasabile.org\/wp-content\/uploads\/2015\/04\/coopAlto-500x223.jpg 500w, https:\/\/www.gasabile.org\/wp-content\/uploads\/2015\/04\/coopAlto.jpg 540w\" sizes=\"(max-width: 300px) 100vw, 300px\" \/>Quello che ti accoglie arrivando alla Comunit\u00e0 di Maddalena, sede della cooperativa Sociale Radici nel Fiume ONLUS, \u00a0\u00e8 uno scenario bucolico: una natura serafica e rigogliosa immersa in un silenzio meditativo, vecchie cascine restaurate adagiate sul ruscello, il Ticino che scorre paziente nel suo letto di pietre. Un immagine ben lontana da quelle che erano le origini di questo luogo incantevole: una colonia agricola di brughiera, impervia, inaccessibile e respingente, i cui abitanti erano soprannominati Scavalca boeut, \u201csalta cespugli\u201d perch\u00e9, oltre che a vivere, non era cos\u00ec facile nemmeno raggiungere questo luogo.<br \/>\nOra ci accompagna una strada spianata e una bellissima giornata di sole primaverile. Paolo, che lavora in questa realt\u00e0 coadiuvando le attivit\u00e0 della cooperativa, ci racconta la sua storia, la sua missione, ci fa esplorare i luoghi, ci fa mescolare tra le persone che la vivono tutti i giorni.<\/em><\/p>\n<p><em>La cooperativa Radici nel fiume nasce come estensione delle attivit\u00e0 dell\u2019ANFFAS, l\u2019Associazione Nazionale Famiglie di Persone con Disabilit\u00e0 Intellettiva e\/o Relazionale, \u00a0e della comunit\u00e0 residenziale \u201cMaddalena\u201d gestita dalla sede ANFFAS locale. <\/em><\/p>\n<p><em>La cascina, che ospita sia la comunit\u00e0 che la cooperativa, \u00e8 un antico edificio restaurato che fino agli anni \u201960 era sede degli alloggi operai manifatturieri e che successivamente \u00e8 stata poi ceduta all\u2019ANFFAS. <\/em><\/p>\n<p><em>Se la comunit\u00e0, che attualmente ospita stabilmente 16 persone con disabilit\u00e0 e senza famiglia e che offre anche un servizio di centro diurno per chi viene da fuori, \u00e8 una realt\u00e0 consolidata e storica, l\u2019attivit\u00e0 della cooperativa nasce solo <a href=\"https:\/\/www.gasabile.org\/wp-content\/uploads\/2015\/04\/20150327_130618-1.jpg\"><img loading=\"lazy\" decoding=\"async\" class=\"alignright wp-image-718 size-medium\" src=\"https:\/\/www.gasabile.org\/wp-content\/uploads\/2015\/04\/20150327_130618-1-300x225.jpg\" alt=\"20150327_130618 (1)\" width=\"300\" height=\"225\" srcset=\"https:\/\/www.gasabile.org\/wp-content\/uploads\/2015\/04\/20150327_130618-1-300x225.jpg 300w, https:\/\/www.gasabile.org\/wp-content\/uploads\/2015\/04\/20150327_130618-1-1024x768.jpg 1024w, https:\/\/www.gasabile.org\/wp-content\/uploads\/2015\/04\/20150327_130618-1-400x300.jpg 400w, https:\/\/www.gasabile.org\/wp-content\/uploads\/2015\/04\/20150327_130618-1.jpg 2048w\" sizes=\"(max-width: 300px) 100vw, 300px\" \/><\/a>dieci anni fa. \u201cTutto \u00e8 nato un po\u2019 per gioco\u201d ci spiega Paolo \u201cavevamo un piccolo orto, degli alberi da frutto e abbiamo iniziato a produrre conserve con quello che la natura ci offriva. Quella che era un\u2019attivit\u00e0 marginale \u00e8 diventata poi un progetto di cooperativa di tipo B, che ora d\u00e0 lavoro a dieci persone di cui 4 svantaggiate (2 sono residenti, mentre gli altri vengono dall\u2019esterno)\u201d.<\/em><\/p>\n<p><em>Le attivit\u00e0 della cooperativa e della comunit\u00e0 sono formalmente separate, ma si intrecciano nei loro intenti ed obiettivi, abbracciando la filosofia di avvicinare le persone per creare un senso di comunit\u00e0 e integrazione, un posto aperto a tutti che promuove l\u2019incontro e la solidariet\u00e0.<\/em><\/p>\n<p><em><a href=\"https:\/\/www.gasabile.org\/wp-content\/uploads\/2015\/04\/20150327_130630.jpg\"><img loading=\"lazy\" decoding=\"async\" class=\"alignleft size-medium wp-image-719\" src=\"https:\/\/www.gasabile.org\/wp-content\/uploads\/2015\/04\/20150327_130630-225x300.jpg\" alt=\"20150327_130630\" width=\"225\" height=\"300\" srcset=\"https:\/\/www.gasabile.org\/wp-content\/uploads\/2015\/04\/20150327_130630-225x300.jpg 225w, https:\/\/www.gasabile.org\/wp-content\/uploads\/2015\/04\/20150327_130630-768x1024.jpg 768w, https:\/\/www.gasabile.org\/wp-content\/uploads\/2015\/04\/20150327_130630.jpg 1536w\" sizes=\"(max-width: 225px) 100vw, 225px\" \/><\/a>Dal frutto del lavoro della cooperativa nascono diversi trasformati alimentari (liquori, conserve, marmellate ecc) che partono da materie prime biologiche e la cui la stessa trasformazione \u00e8 garantita bio. \u201cOltre ad essere biologici, sono anche sani. Ad esempio le marmellate sono prodotte con una bassa quantit\u00e0 di zucchero idi canna biologico dal commercio equo e solidale. Le ricette? Sono nate dal nostro estro e dalle nostre sperimentazioni culinarie\u201d puntualizza Paolo con una punta di orgoglio.<\/em><\/p>\n<p><em>Oltre all\u2019alimentare, \u00a0anche graziosi manufatti di ceramica e produzioni artigianali in carta naturale, che esprimono la creativit\u00e0 e la passione delle persone che li creano. Con l\u2019arrivo della bella stagione, la cooperativa e la meravigliosa cornice del Parco del Ticino, si animano in occasione di diverse attivit\u00e0 ed eventi organizzate da Radici nel Fiume, come ad esempio la festa di \u201cBuono e Giusto\u201d, attraverso le quali si intende promuovere uno stile di vita solidale, sostenibile e aggregativo.<\/em><\/p>\n<p><em>Si perde facilmente la cognizione del tempo in questo luogo che sembra un po\u2019 fuori dal mondo, dopo un pranzo veloce in compagnia degli amici della comunit\u00e0 e della cooperativa e una lunga chiacchierata con Paolo, \u00e8 tempo di salutarci, portando a casa una piacevole esperienza e un po\u2019 della pace di questa localit\u00e0.<\/em><\/p><\/blockquote>\n","protected":false},"excerpt":{"rendered":"<p>Ecco il resoconto della visita fatta da Tiziana e Silvia alla cooperativa Radici nel Fiume di Somma Lombardo, per conoscere da vicino le attivit\u00e0 di questa realt\u00e0 sociale con la guida di Paolo Rusconi, uno dei soci storici di Gasabile &hellip; <a class=\"more-link\" href=\"https:\/\/www.gasabile.org\/?p=716\">Continua a leggere<span class=\"meta-nav\">&rarr;<\/span><\/a><\/p>\n","protected":false},"author":1,"featured_media":0,"comment_status":"open","ping_status":"open","sticky":false,"template":"","format":"standard","meta":{"footnotes":""},"categories":[9,1],"tags":[34,32,33,30,31,35],"class_list":["post-716","post","type-post","status-publish","format-standard","hentry","category-produttori","category-senza-categoria","tag-anffas","tag-biologico","tag-cooperativa","tag-radici-nel-fiume","tag-sociale","tag-ticino"],"_links":{"self":[{"href":"https:\/\/www.gasabile.org\/index.php?rest_route=\/wp\/v2\/posts\/716"}],"collection":[{"href":"https:\/\/www.gasabile.org\/index.php?rest_route=\/wp\/v2\/posts"}],"about":[{"href":"https:\/\/www.gasabile.org\/index.php?rest_route=\/wp\/v2\/types\/post"}],"author":[{"embeddable":true,"href":"https:\/\/www.gasabile.org\/index.php?rest_route=\/wp\/v2\/users\/1"}],"replies":[{"embeddable":true,"href":"https:\/\/www.gasabile.org\/index.php?rest_route=%2Fwp%2Fv2%2Fcomments&post=716"}],"version-history":[{"count":1,"href":"https:\/\/www.gasabile.org\/index.php?rest_route=\/wp\/v2\/posts\/716\/revisions"}],"predecessor-version":[{"id":720,"href":"https:\/\/www.gasabile.org\/index.php?rest_route=\/wp\/v2\/posts\/716\/revisions\/720"}],"wp:attachment":[{"href":"https:\/\/www.gasabile.org\/index.php?rest_route=%2Fwp%2Fv2%2Fmedia&parent=716"}],"wp:term":[{"taxonomy":"category","embeddable":true,"href":"https:\/\/www.gasabile.org\/index.php?rest_route=%2Fwp%2Fv2%2Fcategories&post=716"},{"taxonomy":"post_tag","embeddable":true,"href":"https:\/\/www.gasabile.org\/index.php?rest_route=%2Fwp%2Fv2%2Ftags&post=716"}],"curies":[{"name":"wp","href":"https:\/\/api.w.org\/{rel}","templated":true}]}}